{"id":227,"date":"2017-12-17T18:47:03","date_gmt":"2017-12-17T21:47:03","guid":{"rendered":"http:\/\/ateneodemontevideo.uy\/site\/?p=227"},"modified":"2017-12-17T18:47:03","modified_gmt":"2017-12-17T21:47:03","slug":"taller-de-lectura-y-escritura-2","status":"publish","type":"post","link":"http:\/\/ateneodemontevideo.uy\/site\/?p=227","title":{"rendered":"Taller de lectura y escritura"},"content":{"rendered":"<h1>Cerrando nuestras actividades<\/h1>\n<p align=\"justify\"><span style=\"font-family: 'Times New Roman', serif;\"><span style=\"font-size: medium;\">Luego de haber le\u00eddo varios pasajes de \u201cSerias picard\u00edas\u201d del escritor uruguayo <\/span><\/span><span style=\"font-family: 'Times New Roman', serif;\"><span style=\"font-size: medium;\"><b>Guillermo Lopetegui<\/b><\/span><\/span><span style=\"font-family: 'Times New Roman', serif;\"><span style=\"font-size: medium;\">, autor muy reconocido y con muchos premios, lo invitamos a venir a nuestro Taller. Nos hab\u00edan quedado algunas dudas en cuanto a la interpretaci\u00f3n de uno de sus cuentos, \u201c El objeto de Violeta\u201d y quer\u00edamos hacerle preguntas, sobre todo, en lo concerniente a la descripci\u00f3n de algunos lugares donde suced\u00edan los hechos. Su estilo barroco no era f\u00e1cil de entender. Sin embargo, cuando estuvo entre nosotros, nos result\u00f3 grato que no solo nos hablara de su estilo sino que no dijera algo m\u00e1s importante: c\u00f3mo era su proceso de creaci\u00f3n. Y a \u00e9l le gust\u00f3 mucho, el comentario de su cuento realizado por Cristina Fuentes, una de las integrantes del grupo ATENEO. Tambi\u00e9n particip\u00f3 de esta experiencia el Taller de lectura y escritura del Prado. <\/span><\/span><\/p>\n<p align=\"justify\"><span style=\"font-family: 'Times New Roman', serif;\"><span style=\"font-size: medium;\">Nuestro otro invitado fue <\/span><\/span><span style=\"font-family: 'Times New Roman', serif;\"><span style=\"font-size: medium;\"><b>Ignacio Mart\u00ednez,<\/b><\/span><\/span><span style=\"font-family: 'Times New Roman', serif;\"><span style=\"font-size: medium;\"> escritor uruguayo con m\u00e1s de ochenta publicaciones para ni\u00f1os, otras para j\u00f3venes y adultos y adem\u00e1s, dramaturgia. Entre las primeras, <\/span><\/span><span style=\"font-family: 'Times New Roman', serif;\"><span style=\"font-size: medium;\"><i>El viejo Vasa<\/i><\/span><\/span><span style=\"font-family: 'Times New Roman', serif;\"><span style=\"font-size: medium;\">, <\/span><\/span><span style=\"font-family: 'Times New Roman', serif;\"><span style=\"font-size: medium;\"><i>La vereda de enfrente,<\/i><\/span><\/span> <span style=\"font-family: 'Times New Roman', serif;\"><span style=\"font-size: medium;\"><i>Detr\u00e1s de la puerta un mundo<\/i><\/span><\/span><span style=\"font-family: 'Times New Roman', serif;\"><span style=\"font-size: medium;\">, <\/span><\/span><span style=\"font-family: 'Times New Roman', serif;\"><span style=\"font-size: medium;\"><i>Fantasmas en la escuela<\/i><\/span><\/span><span style=\"font-family: 'Times New Roman', serif;\"><span style=\"font-size: medium;\">, <\/span><\/span><span style=\"font-family: 'Times New Roman', serif;\"><span style=\"font-size: medium;\"><i>Mi amigo Jos\u00e9 Gervasio<\/i><\/span><\/span><span style=\"font-family: 'Times New Roman', serif;\"><span style=\"font-size: medium;\"> y muchas m\u00e1s. Nosotros hab\u00edamos le\u00eddo unas cuantas pero lo importante fue o\u00edrlo, saber c\u00f3mo trabajaba en forma oral con los ni\u00f1os. Algunos del grupo lo hab\u00edamos visto personalmente o a trav\u00e9s de la televisi\u00f3n conversando en las escuelas, con m\u00e1s de cien ni\u00f1os sentados en el piso del patio, atentos, fascinados por aquellos cuentos en los que \u00e9l los iba involucrando. Siendo muy joven y con una larga barba llamaba la atenci\u00f3n a los m\u00e1s chicos que hasta llegaron a preguntarle si era nieto de Jos\u00e9 Pedro Varela. Al recordarlo, \u00e9l se re\u00eda porque eran muchas las preguntas al respecto. Finalmente, caracterizado y acompa\u00f1ado de otros personajes de \u00e9poca, hizo \u201cun corto\u201d representando al Reformador de nuestra escuela. Con estos dos famosos escritores cerramos el a\u00f1o comprobando una vez m\u00e1s que a la vocaci\u00f3n literaria hay que agregar m\u00e1s, sobre todo, talento y disciplina de trabajo. <\/span><\/span><\/p>\n<p align=\"justify\"><span style=\"font-family: 'Times New Roman', serif;\"><span style=\"font-size: medium;\">Para esta \u00faltima actividad fueron invitados los integrantes del <\/span><\/span><span style=\"font-family: 'Times New Roman', serif;\"><span style=\"font-size: medium;\"><b>Taller de Durazno <\/b><\/span><\/span><span style=\"font-family: 'Times New Roman', serif;\"><span style=\"font-size: medium;\">y del <\/span><\/span><span style=\"font-family: 'Times New Roman', serif;\"><span style=\"font-size: medium;\"><b>Taller de Sarand\u00ed Grande<\/b><\/span><\/span><span style=\"font-family: 'Times New Roman', serif;\"><span style=\"font-size: medium;\"> dirigidos por el Prof. Carlos Fuentes. Luego de almorzar todos en el C\u00edrculo de Tenis del Prado vinieron al ATENEO.Y luego de escuchar a Ignacio Mart\u00ednez y de hacerle muchas preguntas, se fueron encantados. Y tambi\u00e9n nos sentimos encantados nosotros, ya que pudimos concretar, una vez m\u00e1s, eso que es tan dif\u00edcil: la integraci\u00f3n de Talleres. En este caso, cuatro.<\/span><\/span><span style=\"font-family: 'Times New Roman', serif;\"><span style=\"font-size: medium;\"> .<\/span><\/span><\/p>\n<p align=\"justify\"><img loading=\"lazy\" decoding=\"async\" class=\"size-full wp-image-228 aligncenter\" src=\"http:\/\/ateneodemontevideo.uy\/site\/wp-content\/uploads\/2017\/12\/TL01.png\" alt=\"\" width=\"309\" height=\"203\" srcset=\"http:\/\/ateneodemontevideo.uy\/site\/wp-content\/uploads\/2017\/12\/TL01.png 309w, http:\/\/ateneodemontevideo.uy\/site\/wp-content\/uploads\/2017\/12\/TL01-300x197.png 300w\" sizes=\"(max-width: 309px) 100vw, 309px\" \/> \u00a0<img loading=\"lazy\" decoding=\"async\" class=\"aligncenter wp-image-229\" src=\"http:\/\/ateneodemontevideo.uy\/site\/wp-content\/uploads\/2017\/12\/TL02.png\" alt=\"\" width=\"309\" height=\"250\" srcset=\"http:\/\/ateneodemontevideo.uy\/site\/wp-content\/uploads\/2017\/12\/TL02.png 289w, http:\/\/ateneodemontevideo.uy\/site\/wp-content\/uploads\/2017\/12\/TL02-272x220.png 272w\" sizes=\"(max-width: 309px) 100vw, 309px\" \/><\/p>\n<h4 align=\"justify\">Del Taller de Lectura y Escritura<\/h4>\n<p align=\"justify\"><em><strong>Jorge Rodr\u00edguez Castro<\/strong><\/em><\/p>\n<p><span style=\"font-family: 'Times New Roman', serif;\"><span style=\"font-size: medium;\">Hay d\u00edas&#8230;o tengo d\u00edas como el de hoy, en que la soledad golpea con toda su fuerza&#8230;dir\u00eda que &#8230;encarnizada&#8230;cruel.<\/span><\/span><\/p>\n<p><span style=\"font-family: 'Times New Roman', serif;\"><span style=\"font-size: medium;\">Me deja sin asunto&#8230;.absolutamente paralizado&#8230;no s\u00e9 qu\u00e9 hacer&#8230;no s\u00e9 hacia d\u00f3nde ir.<\/span><\/span><\/p>\n<p><span style=\"font-family: 'Times New Roman', serif;\"><span style=\"font-size: medium;\">Esta presi\u00f3n en el pecho no la puedo resolver&#8230;.es casi constante&#8230;.no me da tregua.<\/span><\/span><\/p>\n<p><span style=\"font-family: 'Times New Roman', serif;\"><span style=\"font-size: medium;\">Pierdo toda la serenidad al no tener respuestas para tantas interrogantes&#8230;.para cosas tanto elementales como complejas.<\/span><\/span><\/p>\n<p><span style=\"font-family: 'Times New Roman', serif;\"><span style=\"font-size: medium;\">En este mar de incongruencias se agita mi alma y tu vigilia se apodera de m\u00ed&#8230;.no hay a qui\u00e9n consultar, no puedo asirme a ninguna opini\u00f3n, me gana el caos y la desesperaci\u00f3n.<\/span><\/span><\/p>\n<p style=\"text-align: right;\">Montevideo, setiembre de 2016<\/p>\n<p>&nbsp;<\/p>\n<p><span style=\"font-family: 'Times New Roman', serif;\"><span style=\"font-size: medium;\">Maldita inercia que me has invadido, te has apropiado de mis horas.<\/span><\/span><\/p>\n<p><span style=\"font-family: 'Times New Roman', serif;\"><span style=\"font-size: medium;\">Mi tiempo es un constante divague, un discurrir sin rumbo ni freno, una suerte de lenta agon\u00eda, irrefrenable y perentoria sin fecha de caducidad.<\/span><\/span><\/p>\n<p align=\"justify\"><span style=\"font-family: 'Times New Roman', serif;\"><span style=\"font-size: medium;\">En medio de este lento torbellino, se cruzan las m\u00e1s descabelladas apetencias, pretensiones insanas, absurdas, que van contaminando el ser, que no cesan, que aparentemente parten pero regresan con m\u00e1s vigor, como si se hubieran alejado un tanto, para recargar energ\u00edas, no s\u00e9 c\u00f3mo controlar, \u00a0no s\u00e9 &#8230;.o s\u00ed s\u00e9 de d\u00f3nde surgen, aunque no entienda el por qu\u00e9 pero ah\u00ed est\u00e1n, como peque\u00f1os destellos en \u00a0la oscuridad interminablemente presentes.<\/span><\/span><\/p>\n<p style=\"text-align: right;\" align=\"justify\">Montevideo, diciembre 22 de 2016<\/p>\n","protected":false},"excerpt":{"rendered":"<p>Cerrando nuestras actividades Luego de haber le\u00eddo varios pasajes de \u201cSerias picard\u00edas\u201d del escritor uruguayo Guillermo Lopetegui, autor muy reconocido y con muchos premios, lo invitamos a venir a nuestro Taller. Nos hab\u00edan quedado algunas dudas en cuanto a la interpretaci\u00f3n de uno de sus cuentos, \u201c El objeto de Violeta\u201d y quer\u00edamos hacerle preguntas, [&hellip;]<\/p>\n","protected":false},"author":5,"featured_media":0,"comment_status":"open","ping_status":"open","sticky":false,"template":"","format":"standard","meta":{"footnotes":""},"categories":[1],"tags":[],"class_list":["post-227","post","type-post","status-publish","format-standard","hentry","category-blog"],"_links":{"self":[{"href":"http:\/\/ateneodemontevideo.uy\/site\/index.php?rest_route=\/wp\/v2\/posts\/227"}],"collection":[{"href":"http:\/\/ateneodemontevideo.uy\/site\/index.php?rest_route=\/wp\/v2\/posts"}],"about":[{"href":"http:\/\/ateneodemontevideo.uy\/site\/index.php?rest_route=\/wp\/v2\/types\/post"}],"author":[{"embeddable":true,"href":"http:\/\/ateneodemontevideo.uy\/site\/index.php?rest_route=\/wp\/v2\/users\/5"}],"replies":[{"embeddable":true,"href":"http:\/\/ateneodemontevideo.uy\/site\/index.php?rest_route=%2Fwp%2Fv2%2Fcomments&post=227"}],"version-history":[{"count":1,"href":"http:\/\/ateneodemontevideo.uy\/site\/index.php?rest_route=\/wp\/v2\/posts\/227\/revisions"}],"predecessor-version":[{"id":230,"href":"http:\/\/ateneodemontevideo.uy\/site\/index.php?rest_route=\/wp\/v2\/posts\/227\/revisions\/230"}],"wp:attachment":[{"href":"http:\/\/ateneodemontevideo.uy\/site\/index.php?rest_route=%2Fwp%2Fv2%2Fmedia&parent=227"}],"wp:term":[{"taxonomy":"category","embeddable":true,"href":"http:\/\/ateneodemontevideo.uy\/site\/index.php?rest_route=%2Fwp%2Fv2%2Fcategories&post=227"},{"taxonomy":"post_tag","embeddable":true,"href":"http:\/\/ateneodemontevideo.uy\/site\/index.php?rest_route=%2Fwp%2Fv2%2Ftags&post=227"}],"curies":[{"name":"wp","href":"https:\/\/api.w.org\/{rel}","templated":true}]}}