{"id":214,"date":"2017-09-12T17:25:45","date_gmt":"2017-09-12T20:25:45","guid":{"rendered":"http:\/\/ateneodemontevideo.uy\/site\/?p=214"},"modified":"2017-09-12T17:25:45","modified_gmt":"2017-09-12T20:25:45","slug":"taller-de-lectura-y-escritura","status":"publish","type":"post","link":"http:\/\/ateneodemontevideo.uy\/site\/?p=214","title":{"rendered":"Taller de Lectura y Escritura"},"content":{"rendered":"<p>Hay d\u00edas&#8230;o tengo d\u00edas como el de hoy, en que la soledad golpea con toda su fuerza&#8230;dir\u00eda que &#8230;encarnizada&#8230;cruel.<br \/>\nMe deja sin asunto&#8230;.absolutamente paralizado&#8230;no s\u00e9 qu\u00e9 hacer&#8230;no s\u00e9 hacia d\u00f3nde ir.<br \/>\nEsta presi\u00f3n en el pecho no la puedo resolver&#8230;.es casi constante&#8230;.no me da tregua.<br \/>\nPierdo toda la serenidad al no tener respuestas para tantas interrogantes&#8230;.para cosas tanto elementales como complejas.<br \/>\nEn este mar de incongruencias se agita mi alma y tu vigilia se apodera de m\u00ed&#8230;.no hay a qui\u00e9n consultar, no puedo asirme a ninguna opini\u00f3n, me gana el caos y la desesperaci\u00f3n.<\/p>\n<p style=\"text-align: right;\">Montevideo, setiembre de 2016<\/p>\n<p>&nbsp;<\/p>\n<p>Maldita inercia que me has invadido, te has apropiado de mis horas.<br \/>\nMi tiempo es un constante divague, un discurrir sin rumbo ni freno, una suerte de lenta agon\u00eda, irrefrenable y perentoria sin fecha de caducidad.<br \/>\nEn medio de este lento torbellino, se cruzan las m\u00e1s descabelladas apetencias, pretensiones insanas, absurdas, que van contaminando el ser, que no cesan, que aparentemente parten pero regresan con m\u00e1s vigor, como si se hubieran alejado un tanto, para recargar energ\u00edas, no s\u00e9 c\u00f3mo controlar, \u00a0no s\u00e9 &#8230;.o s\u00ed s\u00e9 de d\u00f3nde surgen, aunque no entienda el por qu\u00e9 pero ah\u00ed est\u00e1n, como peque\u00f1os destellos en \u00a0la oscuridad interminablemente presentes.<\/p>\n<p style=\"text-align: right;\">Montevideo, diciembre 22 de 2016<\/p>\n","protected":false},"excerpt":{"rendered":"<p>Hay d\u00edas&#8230;o tengo d\u00edas como el de hoy, en que la soledad golpea con toda su fuerza&#8230;dir\u00eda que &#8230;encarnizada&#8230;cruel. Me deja sin asunto&#8230;.absolutamente paralizado&#8230;no s\u00e9 qu\u00e9 hacer&#8230;no s\u00e9 hacia d\u00f3nde ir. Esta presi\u00f3n en el pecho no la puedo resolver&#8230;.es casi constante&#8230;.no me da tregua. Pierdo toda la serenidad al no tener respuestas para tantas [&hellip;]<\/p>\n","protected":false},"author":5,"featured_media":0,"comment_status":"open","ping_status":"open","sticky":false,"template":"","format":"standard","meta":{"footnotes":""},"categories":[1],"tags":[],"class_list":["post-214","post","type-post","status-publish","format-standard","hentry","category-blog"],"_links":{"self":[{"href":"http:\/\/ateneodemontevideo.uy\/site\/index.php?rest_route=\/wp\/v2\/posts\/214"}],"collection":[{"href":"http:\/\/ateneodemontevideo.uy\/site\/index.php?rest_route=\/wp\/v2\/posts"}],"about":[{"href":"http:\/\/ateneodemontevideo.uy\/site\/index.php?rest_route=\/wp\/v2\/types\/post"}],"author":[{"embeddable":true,"href":"http:\/\/ateneodemontevideo.uy\/site\/index.php?rest_route=\/wp\/v2\/users\/5"}],"replies":[{"embeddable":true,"href":"http:\/\/ateneodemontevideo.uy\/site\/index.php?rest_route=%2Fwp%2Fv2%2Fcomments&post=214"}],"version-history":[{"count":1,"href":"http:\/\/ateneodemontevideo.uy\/site\/index.php?rest_route=\/wp\/v2\/posts\/214\/revisions"}],"predecessor-version":[{"id":215,"href":"http:\/\/ateneodemontevideo.uy\/site\/index.php?rest_route=\/wp\/v2\/posts\/214\/revisions\/215"}],"wp:attachment":[{"href":"http:\/\/ateneodemontevideo.uy\/site\/index.php?rest_route=%2Fwp%2Fv2%2Fmedia&parent=214"}],"wp:term":[{"taxonomy":"category","embeddable":true,"href":"http:\/\/ateneodemontevideo.uy\/site\/index.php?rest_route=%2Fwp%2Fv2%2Fcategories&post=214"},{"taxonomy":"post_tag","embeddable":true,"href":"http:\/\/ateneodemontevideo.uy\/site\/index.php?rest_route=%2Fwp%2Fv2%2Ftags&post=214"}],"curies":[{"name":"wp","href":"https:\/\/api.w.org\/{rel}","templated":true}]}}